{"id":516,"date":"2022-09-20T11:56:08","date_gmt":"2022-09-20T09:56:08","guid":{"rendered":"https:\/\/home.pf.jcu.cz\/~stem\/?p=516"},"modified":"2022-10-19T17:36:11","modified_gmt":"2022-10-19T15:36:11","slug":"jiri-vanicek","status":"publish","type":"post","link":"https:\/\/home.pf.jcu.cz\/~stem\/2022\/jiri-vanicek\/","title":{"rendered":"Ji\u0159\u00ed Van\u00ed\u010dek"},"content":{"rendered":"\n<p><strong>Jiho\u010desk\u00e1 univerzita v \u010cesk\u00fdch Bud\u011bjovic\u00edch, Pedagogick\u00e1 fakulta<\/strong><\/p>\n\n\n\n<figure class=\"wp-block-image size-full\"><img loading=\"lazy\" decoding=\"async\" width=\"300\" height=\"300\" src=\"https:\/\/home.pf.jcu.cz\/~stem\/wp-content\/uploads\/Jiri_Vanicek.jpg\" alt=\"\" class=\"wp-image-545\" srcset=\"https:\/\/home.pf.jcu.cz\/~stem\/2022\/wp-content\/uploads\/Jiri_Vanicek.jpg 300w, https:\/\/home.pf.jcu.cz\/~stem\/2022\/wp-content\/uploads\/Jiri_Vanicek-150x150.jpg 150w\" sizes=\"auto, (max-width: 300px) 100vw, 300px\" \/><\/figure>\n\n\n\n<p><strong>Doc. PaedDr. Ji\u0159\u00ed Van\u00ed\u010dek, Ph.D.<\/strong>, vedouc\u00ed Katedry informatiky PF JU, je v\u00fdraznou osobnost\u00ed didaktiky informatiky se z\u0159eteln\u00fdm\u00a0p\u0159esahem do didaktiky matematiky. Ve sv\u00e9 odborn\u00e9 \u010dinnosti se mimo jin\u00e9 v\u011bnuje didaktick\u00e9mu formov\u00e1n\u00ed v\u00fduky informatiky na z\u00e1kladn\u00edch a st\u0159edn\u00edch \u0161kol\u00e1ch a uveden\u00ed tohoto p\u0159edm\u011btu do souvislosti s\u00a0ostatn\u00edmi vyu\u010dovac\u00edmi p\u0159edm\u011bty. Pod\u00edl\u00ed se na tvorb\u011b kurikula informatick\u00e9ho vzd\u011bl\u00e1v\u00e1n\u00ed na z\u00e1kladn\u00edch i st\u0159edn\u00edch \u0161kol\u00e1ch a na tvorb\u011b p\u0159\u00edslu\u0161n\u00fdch u\u010debnic. <\/p>\n\n\n\n<p><strong>Doc. PaedDr. Ji\u0159\u00ed Van\u00ed\u010dek, Ph.D.<\/strong> is associated professor and head of the Department of Informatics at the Faculty of Education, University of South Bohemia in \u010cesk\u00e9 Bud\u011bjovice, Czech Republic. His fields of interest are\u00a0 informatics teaching in elementary and high schools, early age programming education and formerly computer assisted learning of mathematics. He has published over 60 scientific papers and over 50 methodical works. He has written 7 information technology and programming textbooks for elementary and junior high schools. He works in expert group for innovation of national informatics curricula at the National Institute for Education. In 2017 - 2020 he was the head of the strategic ministerial project PRIM \u2013 Support for Development of Computational Thinking, developing new informatics curricula. For 15 years he has been organizing the Bebras informatics contest in the Czech Republic as board leader and country representative of Czech Republic in the International Bebras Committee.<\/p>\n","protected":false},"excerpt":{"rendered":"<p>Jiho\u010desk\u00e1 univerzita v \u010cesk\u00fdch Bud\u011bjovic\u00edch, Pedagogick\u00e1 fakulta Doc. PaedDr. Ji\u0159\u00ed Van\u00ed\u010dek, Ph.D., vedouc\u00ed Katedry informatiky PF JU, je v\u00fdraznou osobnost\u00ed didaktiky informatiky se z\u0159eteln\u00fdm\u00a0p\u0159esahem do didaktiky matematiky. Ve sv\u00e9 odborn\u00e9 \u010dinnosti se mimo jin\u00e9 v\u011bnuje didaktick\u00e9mu formov\u00e1n\u00ed v\u00fduky informatiky na z\u00e1kladn\u00edch a st\u0159edn\u00edch \u0161kol\u00e1ch a uveden\u00ed tohoto p\u0159edm\u011btu do souvislosti s\u00a0ostatn\u00edmi vyu\u010dovac\u00edmi p\u0159edm\u011bty. Pod\u00edl\u00ed se [&hellip;]<\/p>\n","protected":false},"author":2,"featured_media":0,"comment_status":"closed","ping_status":"closed","sticky":false,"template":"","format":"standard","meta":{"footnotes":""},"categories":[1],"tags":[],"class_list":["post-516","post","type-post","status-publish","format-standard","hentry","category-nezarazene"],"_links":{"self":[{"href":"https:\/\/home.pf.jcu.cz\/~stem\/2022\/wp-json\/wp\/v2\/posts\/516","targetHints":{"allow":["GET"]}}],"collection":[{"href":"https:\/\/home.pf.jcu.cz\/~stem\/2022\/wp-json\/wp\/v2\/posts"}],"about":[{"href":"https:\/\/home.pf.jcu.cz\/~stem\/2022\/wp-json\/wp\/v2\/types\/post"}],"author":[{"embeddable":true,"href":"https:\/\/home.pf.jcu.cz\/~stem\/2022\/wp-json\/wp\/v2\/users\/2"}],"replies":[{"embeddable":true,"href":"https:\/\/home.pf.jcu.cz\/~stem\/2022\/wp-json\/wp\/v2\/comments?post=516"}],"version-history":[{"count":4,"href":"https:\/\/home.pf.jcu.cz\/~stem\/2022\/wp-json\/wp\/v2\/posts\/516\/revisions"}],"predecessor-version":[{"id":574,"href":"https:\/\/home.pf.jcu.cz\/~stem\/2022\/wp-json\/wp\/v2\/posts\/516\/revisions\/574"}],"wp:attachment":[{"href":"https:\/\/home.pf.jcu.cz\/~stem\/2022\/wp-json\/wp\/v2\/media?parent=516"}],"wp:term":[{"taxonomy":"category","embeddable":true,"href":"https:\/\/home.pf.jcu.cz\/~stem\/2022\/wp-json\/wp\/v2\/categories?post=516"},{"taxonomy":"post_tag","embeddable":true,"href":"https:\/\/home.pf.jcu.cz\/~stem\/2022\/wp-json\/wp\/v2\/tags?post=516"}],"curies":[{"name":"wp","href":"https:\/\/api.w.org\/{rel}","templated":true}]}}