{"id":519,"date":"2022-09-20T12:04:32","date_gmt":"2022-09-20T10:04:32","guid":{"rendered":"https:\/\/home.pf.jcu.cz\/~stem\/?p=519"},"modified":"2022-10-19T17:35:45","modified_gmt":"2022-10-19T15:35:45","slug":"eliza-rybska","status":"publish","type":"post","link":"https:\/\/home.pf.jcu.cz\/~stem\/2022\/eliza-rybska\/","title":{"rendered":"Eliza Rybska"},"content":{"rendered":"\n<p><strong>Adam Mickiewicz University, Pozna\u0148, Polsko<\/strong><\/p>\n\n\n\n<figure class=\"wp-block-image size-large is-resized\"><img loading=\"lazy\" decoding=\"async\" src=\"https:\/\/home.pf.jcu.cz\/~stem\/wp-content\/uploads\/Eliza_Rybska-760x1024.jpg\" alt=\"\" class=\"wp-image-543\" width=\"380\" height=\"512\" srcset=\"https:\/\/home.pf.jcu.cz\/~stem\/2022\/wp-content\/uploads\/Eliza_Rybska-760x1024.jpg 760w, https:\/\/home.pf.jcu.cz\/~stem\/2022\/wp-content\/uploads\/Eliza_Rybska-223x300.jpg 223w, https:\/\/home.pf.jcu.cz\/~stem\/2022\/wp-content\/uploads\/Eliza_Rybska-768x1034.jpg 768w, https:\/\/home.pf.jcu.cz\/~stem\/2022\/wp-content\/uploads\/Eliza_Rybska-1140x1536.jpg 1140w, https:\/\/home.pf.jcu.cz\/~stem\/2022\/wp-content\/uploads\/Eliza_Rybska-1520x2048.jpg 1520w, https:\/\/home.pf.jcu.cz\/~stem\/2022\/wp-content\/uploads\/Eliza_Rybska-1200x1616.jpg 1200w, https:\/\/home.pf.jcu.cz\/~stem\/2022\/wp-content\/uploads\/Eliza_Rybska-1980x2667.jpg 1980w, https:\/\/home.pf.jcu.cz\/~stem\/2022\/wp-content\/uploads\/Eliza_Rybska-scaled.jpg 1901w\" sizes=\"auto, (max-width: 380px) 100vw, 380px\" \/><\/figure>\n\n\n\n<p><strong>Doc. Eliza Rybska<\/strong> p\u016fsob\u00ed na Univerzit\u011b Adama Mickiewicze, konkr\u00e9tn\u011b na Faculty of Biology. Je zodpov\u011bdn\u00e1 za p\u0159\u00edpravu u\u010ditel\u016f biologie a reflexi jejich prax\u00ed ve \u0161kole, z\u00e1rove\u0148 je aktivn\u011b zapojena do dal\u0161\u00edho profesn\u00edho rozvoje u\u010ditel\u016f z\u00a0praxe. Byla Fulbrightov\u00fdm stipendistou a z\u00edskala zku\u0161enosti z\u00a0v\u00fduky v\u00a0USA. Ve sv\u00e9 odborn\u00e9 pr\u00e1ci se v\u011bnuje anal\u00fdze kreseb ve vztahu ke zkoum\u00e1n\u00ed kognitivn\u00edch znalost\u00ed \u017e\u00e1k\u016f, pou\u017e\u00edv\u00e1 kresbu jako diagnostick\u00fd n\u00e1stroj pro posouzen\u00ed osobn\u00edch znalost\u00ed a p\u0159edstav \u017e\u00e1k\u016f o r\u016fzn\u00fdch organismech \u010di p\u0159\u00edrodov\u011bdn\u00fdch jevech, ale i jako prost\u0159edek pro budov\u00e1n\u00ed znalost\u00ed a grafick\u00e9ho \u0159e\u0161en\u00ed p\u0159\u00edrodn\u00edch probl\u00e9m\u016f.<\/p>\n\n\n\n<p><strong>Doc. Eliza Rybska<\/strong> works at the Adam Mickiewicz University in Pozna\u0144, specifically, at the Faculty of Biology. She is responsible for training of biology preservice teachers and reflection of their practice at school, at the same time she is actively involved in the further professional development in-service teachers. She was a Fulbright scholar and gained experience teaching in the United States. In her professional work, she is focused on the analysis of drawings in relation to the exploration of the cognitive knowledge of students, using drawings as a diagnostic tool to assess students\u2019 knowledge and ideas about various organisms or natural science phenomena, but also as a means of building knowledge and graphic solutions to natural phenomena and problems.<\/p>\n","protected":false},"excerpt":{"rendered":"<p>Adam Mickiewicz University, Pozna\u0148, Polsko Doc. Eliza Rybska p\u016fsob\u00ed na Univerzit\u011b Adama Mickiewicze, konkr\u00e9tn\u011b na Faculty of Biology. Je zodpov\u011bdn\u00e1 za p\u0159\u00edpravu u\u010ditel\u016f biologie a reflexi jejich prax\u00ed ve \u0161kole, z\u00e1rove\u0148 je aktivn\u011b zapojena do dal\u0161\u00edho profesn\u00edho rozvoje u\u010ditel\u016f z\u00a0praxe. Byla Fulbrightov\u00fdm stipendistou a z\u00edskala zku\u0161enosti z\u00a0v\u00fduky v\u00a0USA. Ve sv\u00e9 odborn\u00e9 pr\u00e1ci se v\u011bnuje anal\u00fdze [&hellip;]<\/p>\n","protected":false},"author":2,"featured_media":0,"comment_status":"closed","ping_status":"closed","sticky":false,"template":"","format":"standard","meta":{"footnotes":""},"categories":[1],"tags":[],"class_list":["post-519","post","type-post","status-publish","format-standard","hentry","category-nezarazene"],"_links":{"self":[{"href":"https:\/\/home.pf.jcu.cz\/~stem\/2022\/wp-json\/wp\/v2\/posts\/519","targetHints":{"allow":["GET"]}}],"collection":[{"href":"https:\/\/home.pf.jcu.cz\/~stem\/2022\/wp-json\/wp\/v2\/posts"}],"about":[{"href":"https:\/\/home.pf.jcu.cz\/~stem\/2022\/wp-json\/wp\/v2\/types\/post"}],"author":[{"embeddable":true,"href":"https:\/\/home.pf.jcu.cz\/~stem\/2022\/wp-json\/wp\/v2\/users\/2"}],"replies":[{"embeddable":true,"href":"https:\/\/home.pf.jcu.cz\/~stem\/2022\/wp-json\/wp\/v2\/comments?post=519"}],"version-history":[{"count":3,"href":"https:\/\/home.pf.jcu.cz\/~stem\/2022\/wp-json\/wp\/v2\/posts\/519\/revisions"}],"predecessor-version":[{"id":573,"href":"https:\/\/home.pf.jcu.cz\/~stem\/2022\/wp-json\/wp\/v2\/posts\/519\/revisions\/573"}],"wp:attachment":[{"href":"https:\/\/home.pf.jcu.cz\/~stem\/2022\/wp-json\/wp\/v2\/media?parent=519"}],"wp:term":[{"taxonomy":"category","embeddable":true,"href":"https:\/\/home.pf.jcu.cz\/~stem\/2022\/wp-json\/wp\/v2\/categories?post=519"},{"taxonomy":"post_tag","embeddable":true,"href":"https:\/\/home.pf.jcu.cz\/~stem\/2022\/wp-json\/wp\/v2\/tags?post=519"}],"curies":[{"name":"wp","href":"https:\/\/api.w.org\/{rel}","templated":true}]}}