{"id":582,"date":"2022-10-21T11:45:44","date_gmt":"2022-10-21T09:45:44","guid":{"rendered":"https:\/\/home.pf.jcu.cz\/~stem\/?p=582"},"modified":"2022-10-21T11:45:45","modified_gmt":"2022-10-21T09:45:45","slug":"jiri-vanicek-2","status":"publish","type":"post","link":"https:\/\/home.pf.jcu.cz\/~stem\/2022\/jiri-vanicek-2\/","title":{"rendered":"Ji\u0159\u00ed VAN\u00cd\u010cEK"},"content":{"rendered":"\n<p><strong>University of South Bohemia in \u010cesk\u00e9 Bud\u011bjovice, Faculty of Education<\/strong><\/p>\n\n\n\n<figure class=\"wp-block-image size-full\"><img loading=\"lazy\" decoding=\"async\" width=\"300\" height=\"300\" src=\"https:\/\/home.pf.jcu.cz\/~stem\/wp-content\/uploads\/Jiri_Vanicek.jpg\" alt=\"\" class=\"wp-image-545\" srcset=\"https:\/\/home.pf.jcu.cz\/~stem\/2022\/wp-content\/uploads\/Jiri_Vanicek.jpg 300w, https:\/\/home.pf.jcu.cz\/~stem\/2022\/wp-content\/uploads\/Jiri_Vanicek-150x150.jpg 150w\" sizes=\"auto, (max-width: 300px) 100vw, 300px\" \/><\/figure>\n\n\n\n<p><\/p>\n\n\n\n<p><strong>Doc. PaedDr. Ji\u0159\u00ed Van\u00ed\u010dek, Ph.D.<\/strong> is associated professor and head of the Department of Informatics at the Faculty of Education, University of South Bohemia in \u010cesk\u00e9 Bud\u011bjovice, Czech Republic. His fields of interest are&nbsp; informatics teaching in elementary and high schools, early age programming education and formerly computer assisted learning of mathematics. He has published over 60 scientific papers and over 50 methodical works. He has written 7 information technology and programming textbooks for elementary and junior high schools. He works in expert group for innovation of national informatics curricula at the National Institute for Education. In 2017 - 2020 he was the head of the strategic ministerial project PRIM \u2013 Support for Development of Computational Thinking, developing new informatics curricula. For 15 years he has been organizing the Bebras informatics contest in the Czech Republic as board leader and country representative of Czech Republic in the International Bebras Committee.<\/p>\n","protected":false},"excerpt":{"rendered":"<p>University of South Bohemia in \u010cesk\u00e9 Bud\u011bjovice, Faculty of Education Doc. PaedDr. Ji\u0159\u00ed Van\u00ed\u010dek, Ph.D. is associated professor and head of the Department of Informatics at the Faculty of Education, University of South Bohemia in \u010cesk\u00e9 Bud\u011bjovice, Czech Republic. His fields of interest are&nbsp; informatics teaching in elementary and high schools, early age programming education [&hellip;]<\/p>\n","protected":false},"author":2,"featured_media":0,"comment_status":"closed","ping_status":"closed","sticky":false,"template":"","format":"standard","meta":{"footnotes":""},"categories":[1],"tags":[],"class_list":["post-582","post","type-post","status-publish","format-standard","hentry","category-nezarazene"],"_links":{"self":[{"href":"https:\/\/home.pf.jcu.cz\/~stem\/2022\/wp-json\/wp\/v2\/posts\/582","targetHints":{"allow":["GET"]}}],"collection":[{"href":"https:\/\/home.pf.jcu.cz\/~stem\/2022\/wp-json\/wp\/v2\/posts"}],"about":[{"href":"https:\/\/home.pf.jcu.cz\/~stem\/2022\/wp-json\/wp\/v2\/types\/post"}],"author":[{"embeddable":true,"href":"https:\/\/home.pf.jcu.cz\/~stem\/2022\/wp-json\/wp\/v2\/users\/2"}],"replies":[{"embeddable":true,"href":"https:\/\/home.pf.jcu.cz\/~stem\/2022\/wp-json\/wp\/v2\/comments?post=582"}],"version-history":[{"count":1,"href":"https:\/\/home.pf.jcu.cz\/~stem\/2022\/wp-json\/wp\/v2\/posts\/582\/revisions"}],"predecessor-version":[{"id":583,"href":"https:\/\/home.pf.jcu.cz\/~stem\/2022\/wp-json\/wp\/v2\/posts\/582\/revisions\/583"}],"wp:attachment":[{"href":"https:\/\/home.pf.jcu.cz\/~stem\/2022\/wp-json\/wp\/v2\/media?parent=582"}],"wp:term":[{"taxonomy":"category","embeddable":true,"href":"https:\/\/home.pf.jcu.cz\/~stem\/2022\/wp-json\/wp\/v2\/categories?post=582"},{"taxonomy":"post_tag","embeddable":true,"href":"https:\/\/home.pf.jcu.cz\/~stem\/2022\/wp-json\/wp\/v2\/tags?post=582"}],"curies":[{"name":"wp","href":"https:\/\/api.w.org\/{rel}","templated":true}]}}