{"id":1026,"date":"2024-11-11T12:36:53","date_gmt":"2024-11-11T11:36:53","guid":{"rendered":"https:\/\/home.pf.jcu.cz\/~stem\/2024\/?p=1026"},"modified":"2024-11-11T12:36:53","modified_gmt":"2024-11-11T11:36:53","slug":"skolni-dilny-pro-stem-vzdelavani-lisi-se-idealni-predstavy-a-realita","status":"publish","type":"post","link":"https:\/\/home.pf.jcu.cz\/~stem\/2024\/en\/skolni-dilny-pro-stem-vzdelavani-lisi-se-idealni-predstavy-a-realita\/","title":{"rendered":"\u0160koln\u00ed d\u00edlny pro STEM vzd\u011bl\u00e1v\u00e1n\u00ed \u2013 li\u0161\u00ed se ide\u00e1ln\u00ed p\u0159edstavy a realita?"},"content":{"rendered":"\n<p>Ji\u0159\u00ed Dost\u00e1l<br><em>Univerzita Palack\u00e9ho v Olomouci, Pedagogick\u00e1 fakulta<\/em><\/p>\n\n\n\n<p>Nov\u00e9 trendy ve vzd\u011bl\u00e1v\u00e1n\u00ed vy\u017eaduj\u00ed nejen zm\u011bny v\u00a0p\u0159\u00edstupech k\u00a0v\u00fdb\u011bru u\u010diva, volb\u011b metod, organiza\u010dn\u00edch forem nebo koncipov\u00e1n\u00ed v\u00fduky, ale i k vyu\u017e\u00edv\u00e1n\u00ed specifick\u00fdch u\u010debn\u00edch pom\u016fcek, a p\u0159edev\u0161\u00edm existenci vhodn\u00fdch prostor v\u00a0podob\u011b d\u00edlen, laborato\u0159\u00ed a odborn\u00fdch u\u010deben. \u0158ada zainteresovan\u00fdch lid\u00ed dok\u00e1\u017ee v\u011bcn\u011b diskutovat o tom, zda m\u00e1 b\u00fdt v\u00fduka STEM realizov\u00e1na odd\u011blen\u011b v\u00a0r\u00e1mci jednotliv\u00fdch vyu\u010dovac\u00edch p\u0159edm\u011bt\u016f \u010di formou m\u00e9n\u011b \u010di v\u00edce prov\u00e1zan\u00e9ho celku (\u201esuperp\u0159edm\u011btu\u201c). Pokud se p\u0159iklon\u00edme k\u00a0druh\u00e9 z\u00a0mo\u017enost\u00ed, je ot\u00e1zkou, jak by potom m\u011bl vypadat vhodn\u00fd prostor pro v\u00fduku? Bude se podobat klasick\u00e9 kmenov\u00e9 t\u0159\u00edd\u011b nebo bude m\u00edt jinou podobu? P\u016fjde v\u00edce o odbornou u\u010debnu p\u0159ipom\u00ednaj\u00edc\u00ed laborato\u0159 chemie, fyziky, informatiky, p\u0159\u00edrodopisu, d\u00edlnu pro technick\u00e1 praktika, \u0161koln\u00ed pozemek nebo dokonce v\u00fdtvarn\u00fd ateli\u00e9r? Zejm\u00e9na pak, m\u00e1-li b\u00fdt p\u0159i STEM vzd\u011bl\u00e1vac\u00edch aktivit\u00e1ch rozv\u00edjena sou\u010dasn\u011b i technick\u00e1 tvo\u0159ivost?<\/p>\n","protected":false},"excerpt":{"rendered":"<p>Ji\u0159\u00ed Dost\u00e1lUniverzita Palack\u00e9ho v Olomouci, Pedagogick\u00e1 fakulta Nov\u00e9 trendy ve vzd\u011bl\u00e1v\u00e1n\u00ed vy\u017eaduj\u00ed nejen zm\u011bny v\u00a0p\u0159\u00edstupech k\u00a0v\u00fdb\u011bru u\u010diva, volb\u011b metod, organiza\u010dn\u00edch forem nebo koncipov\u00e1n\u00ed v\u00fduky, ale i k vyu\u017e\u00edv\u00e1n\u00ed specifick\u00fdch u\u010debn\u00edch pom\u016fcek, a p\u0159edev\u0161\u00edm existenci vhodn\u00fdch prostor v\u00a0podob\u011b d\u00edlen, laborato\u0159\u00ed a odborn\u00fdch u\u010deben. \u0158ada zainteresovan\u00fdch lid\u00ed dok\u00e1\u017ee v\u011bcn\u011b diskutovat o tom, zda m\u00e1 b\u00fdt v\u00fduka STEM [&hellip;]<\/p>\n","protected":false},"author":2,"featured_media":0,"comment_status":"closed","ping_status":"closed","sticky":false,"template":"","format":"standard","meta":{"footnotes":""},"categories":[14],"tags":[],"class_list":["post-1026","post","type-post","status-publish","format-standard","hentry","category-nezarazene-en"],"_links":{"self":[{"href":"https:\/\/home.pf.jcu.cz\/~stem\/2024\/wp-json\/wp\/v2\/posts\/1026","targetHints":{"allow":["GET"]}}],"collection":[{"href":"https:\/\/home.pf.jcu.cz\/~stem\/2024\/wp-json\/wp\/v2\/posts"}],"about":[{"href":"https:\/\/home.pf.jcu.cz\/~stem\/2024\/wp-json\/wp\/v2\/types\/post"}],"author":[{"embeddable":true,"href":"https:\/\/home.pf.jcu.cz\/~stem\/2024\/wp-json\/wp\/v2\/users\/2"}],"replies":[{"embeddable":true,"href":"https:\/\/home.pf.jcu.cz\/~stem\/2024\/wp-json\/wp\/v2\/comments?post=1026"}],"version-history":[{"count":1,"href":"https:\/\/home.pf.jcu.cz\/~stem\/2024\/wp-json\/wp\/v2\/posts\/1026\/revisions"}],"predecessor-version":[{"id":1027,"href":"https:\/\/home.pf.jcu.cz\/~stem\/2024\/wp-json\/wp\/v2\/posts\/1026\/revisions\/1027"}],"wp:attachment":[{"href":"https:\/\/home.pf.jcu.cz\/~stem\/2024\/wp-json\/wp\/v2\/media?parent=1026"}],"wp:term":[{"taxonomy":"category","embeddable":true,"href":"https:\/\/home.pf.jcu.cz\/~stem\/2024\/wp-json\/wp\/v2\/categories?post=1026"},{"taxonomy":"post_tag","embeddable":true,"href":"https:\/\/home.pf.jcu.cz\/~stem\/2024\/wp-json\/wp\/v2\/tags?post=1026"}],"curies":[{"name":"wp","href":"https:\/\/api.w.org\/{rel}","templated":true}]}}