{"id":894,"date":"2024-04-22T17:26:46","date_gmt":"2024-04-22T15:26:46","guid":{"rendered":"https:\/\/home.pf.jcu.cz\/~stem\/2024\/what-about-geography-in-stem-education\/"},"modified":"2024-04-22T17:26:46","modified_gmt":"2024-04-22T15:26:46","slug":"what-about-geography-in-stem-education","status":"publish","type":"post","link":"https:\/\/home.pf.jcu.cz\/~stem\/2024\/what-about-geography-in-stem-education\/","title":{"rendered":"What about geography in STEM education?"},"content":{"rendered":"<p><em>Stanislav Kraft<\/em><br \/><small>Jiho\u010desk\u00e1 univerzita v \u010cesk\u00fdch Bud\u011bjovic\u00edch, Pedagogick\u00e1 fakulta, katedra geografie, \u010cesk\u00e9 Bud\u011bjovice<\/small><\/p>\n<p>The presentation will focus on one of the most important issue in integration of geography as a specific scientific discipline into the STEM education. It will be based on current approaches to STEM education and on discussion of the nature of geography as an interdisciplinary science.<\/p>\n","protected":false},"excerpt":{"rendered":"<p>Stanislav KraftJiho\u010desk\u00e1 univerzita v \u010cesk\u00fdch Bud\u011bjovic\u00edch, Pedagogick\u00e1 fakulta, katedra geografie, \u010cesk\u00e9 Bud\u011bjovice The presentation will focus on one of the most important issue in integration of geography as a specific scientific discipline into the STEM education. It will be based on current approaches to STEM education and on discussion of the nature of geography as [&hellip;]<\/p>\n","protected":false},"author":4,"featured_media":0,"comment_status":"","ping_status":"","sticky":false,"template":"","format":"standard","meta":{"footnotes":""},"categories":[8],"tags":[],"class_list":["post-894","post","type-post","status-publish","format-standard","hentry","category-prispevky-ucastniku"],"_links":{"self":[{"href":"https:\/\/home.pf.jcu.cz\/~stem\/2024\/wp-json\/wp\/v2\/posts\/894","targetHints":{"allow":["GET"]}}],"collection":[{"href":"https:\/\/home.pf.jcu.cz\/~stem\/2024\/wp-json\/wp\/v2\/posts"}],"about":[{"href":"https:\/\/home.pf.jcu.cz\/~stem\/2024\/wp-json\/wp\/v2\/types\/post"}],"author":[{"embeddable":true,"href":"https:\/\/home.pf.jcu.cz\/~stem\/2024\/wp-json\/wp\/v2\/users\/4"}],"replies":[{"embeddable":true,"href":"https:\/\/home.pf.jcu.cz\/~stem\/2024\/wp-json\/wp\/v2\/comments?post=894"}],"version-history":[{"count":0,"href":"https:\/\/home.pf.jcu.cz\/~stem\/2024\/wp-json\/wp\/v2\/posts\/894\/revisions"}],"wp:attachment":[{"href":"https:\/\/home.pf.jcu.cz\/~stem\/2024\/wp-json\/wp\/v2\/media?parent=894"}],"wp:term":[{"taxonomy":"category","embeddable":true,"href":"https:\/\/home.pf.jcu.cz\/~stem\/2024\/wp-json\/wp\/v2\/categories?post=894"},{"taxonomy":"post_tag","embeddable":true,"href":"https:\/\/home.pf.jcu.cz\/~stem\/2024\/wp-json\/wp\/v2\/tags?post=894"}],"curies":[{"name":"wp","href":"https:\/\/api.w.org\/{rel}","templated":true}]}}