{"id":899,"date":"2024-05-09T15:55:21","date_gmt":"2024-05-09T13:55:21","guid":{"rendered":"https:\/\/home.pf.jcu.cz\/~stem\/2024\/data-v-behu-analyza-ruznych-informaci-a-dat-v-ramci-stem-ulohy\/"},"modified":"2024-05-18T22:40:38","modified_gmt":"2024-05-18T20:40:38","slug":"data-v-behu-analyza-ruznych-informaci-a-dat-v-ramci-stem-ulohy","status":"publish","type":"post","link":"https:\/\/home.pf.jcu.cz\/~stem\/2024\/data-v-behu-analyza-ruznych-informaci-a-dat-v-ramci-stem-ulohy\/","title":{"rendered":"Data v b\u011bhu: anal\u00fdza r\u016fzn\u00fdch informac\u00ed a dat v r\u00e1mci STEM \u00falohy"},"content":{"rendered":"<p><em>Luk\u00e1\u0161 Rokos, Helena Koldov\u00e1<\/em><br \/>\n<small>Jiho\u010desk\u00e1 univerzita v \u010cesk\u00fdch Bud\u011bjovic\u00edch, Pedagogick\u00e1 fakulta, \u010cesk\u00e9 Bud\u011bjovice<\/small><\/p>\n<p>Workshop si klade za c\u00edl prozkoumat fascinuj\u00edc\u00ed spojen\u00ed mezi b\u011bh\u00e1n\u00edm, r\u016fznou podobou zji\u0161t\u011bn\u00fdch informac\u00ed a dat v kontextu integrovan\u00e9 \u00falohy. B\u011bhem workshopu budeme spole\u010dn\u011b analyzovat, jak r\u016fzn\u00e9 faktory mohou ovlivnit v\u00fdkon b\u011b\u017ece a jak lze tato data pou\u017e\u00edt k interpretaci v\u00fdsledk\u016f. Sou\u010dasn\u011b se na prezentovan\u00e9 informace budeme d\u00edvat z perspektivy r\u016fzn\u00fdch discipl\u00edn.<\/p>\n<p>V \u00favodn\u00ed \u010d\u00e1sti budou p\u0159edstaveny p\u0159\u00edklady vyu\u017eit\u00ed vizu\u00e1ln\u00edch reprezentac\u00ed ve STEM discipl\u00edn\u00e1ch a jejich mo\u017en\u00e9 vyu\u017eit\u00ed v r\u016fzn\u00fdch kontextech. Stru\u010dn\u011b bude p\u0159edstaven i p\u0159\u00edstup STEM. Druhou \u010d\u00e1st workshopu bude p\u0159edstavovat pr\u00e1ce se zm\u00edn\u011bnou integrovanou \u00falohou, kterou budou \u00fa\u010dastn\u00edci \u0159e\u0161it z pohledu \u017e\u00e1k\u016f, ale v pr\u016fb\u011bhu realizace se u vybran\u00fdch d\u00edl\u010d\u00edch aktivit budeme zastavovat, diskutovat jejich pojet\u00ed a vztahovat si dan\u00e9 \u010dinnosti k teoretick\u00fdm v\u00fdchodisk\u016fm z didaktik p\u0159\u00edrodov\u011bdn\u00fdch p\u0159edm\u011bt\u016f a z didaktiky matematiky. Sou\u010dasn\u011b bude prostor pro diskuzi o siln\u00fdch a slab\u00fdch str\u00e1nk\u00e1ch \u00fakolu, zejm\u00e9na se zam\u011b\u0159en\u00edm na p\u0159\u00edstupy vyu\u017eit\u00ed dat, mo\u017enosti podobn\u011b koncipovan\u00fdch \u00faloh a jejich za\u0159azen\u00ed do kurikula. V z\u00e1v\u011bru se zam\u011b\u0159\u00edme na definov\u00e1n\u00ed vzd\u011bl\u00e1vac\u00edch c\u00edl\u016f takov\u00e9 \u00falohy a otev\u0159eme i ot\u00e1zku hodnocen\u00ed v\u00fdkon\u016f \u017e\u00e1k\u016f p\u0159i \u0159e\u0161en\u00ed komplexn\u00edch \u00faloh.<\/p>\n","protected":false},"excerpt":{"rendered":"<p>Luk\u00e1\u0161 Rokos, Helena Koldov\u00e1 Jiho\u010desk\u00e1 univerzita v \u010cesk\u00fdch Bud\u011bjovic\u00edch, Pedagogick\u00e1 fakulta, \u010cesk\u00e9 Bud\u011bjovice Workshop si klade za c\u00edl prozkoumat fascinuj\u00edc\u00ed spojen\u00ed mezi b\u011bh\u00e1n\u00edm, r\u016fznou podobou zji\u0161t\u011bn\u00fdch informac\u00ed a dat v kontextu integrovan\u00e9 \u00falohy. B\u011bhem workshopu budeme spole\u010dn\u011b analyzovat, jak r\u016fzn\u00e9 faktory mohou ovlivnit v\u00fdkon b\u011b\u017ece a jak lze tato data pou\u017e\u00edt k interpretaci v\u00fdsledk\u016f. Sou\u010dasn\u011b [&hellip;]<\/p>\n","protected":false},"author":14,"featured_media":0,"comment_status":"closed","ping_status":"","sticky":false,"template":"","format":"standard","meta":{"footnotes":""},"categories":[7],"tags":[],"class_list":["post-899","post","type-post","status-publish","format-standard","hentry","category-workshopy"],"_links":{"self":[{"href":"https:\/\/home.pf.jcu.cz\/~stem\/2024\/wp-json\/wp\/v2\/posts\/899","targetHints":{"allow":["GET"]}}],"collection":[{"href":"https:\/\/home.pf.jcu.cz\/~stem\/2024\/wp-json\/wp\/v2\/posts"}],"about":[{"href":"https:\/\/home.pf.jcu.cz\/~stem\/2024\/wp-json\/wp\/v2\/types\/post"}],"author":[{"embeddable":true,"href":"https:\/\/home.pf.jcu.cz\/~stem\/2024\/wp-json\/wp\/v2\/users\/14"}],"replies":[{"embeddable":true,"href":"https:\/\/home.pf.jcu.cz\/~stem\/2024\/wp-json\/wp\/v2\/comments?post=899"}],"version-history":[{"count":2,"href":"https:\/\/home.pf.jcu.cz\/~stem\/2024\/wp-json\/wp\/v2\/posts\/899\/revisions"}],"predecessor-version":[{"id":905,"href":"https:\/\/home.pf.jcu.cz\/~stem\/2024\/wp-json\/wp\/v2\/posts\/899\/revisions\/905"}],"wp:attachment":[{"href":"https:\/\/home.pf.jcu.cz\/~stem\/2024\/wp-json\/wp\/v2\/media?parent=899"}],"wp:term":[{"taxonomy":"category","embeddable":true,"href":"https:\/\/home.pf.jcu.cz\/~stem\/2024\/wp-json\/wp\/v2\/categories?post=899"},{"taxonomy":"post_tag","embeddable":true,"href":"https:\/\/home.pf.jcu.cz\/~stem\/2024\/wp-json\/wp\/v2\/tags?post=899"}],"curies":[{"name":"wp","href":"https:\/\/api.w.org\/{rel}","templated":true}]}}