{"id":953,"date":"2024-10-06T13:31:52","date_gmt":"2024-10-06T11:31:52","guid":{"rendered":"https:\/\/home.pf.jcu.cz\/~stem\/2024\/?p=953"},"modified":"2024-11-03T11:48:06","modified_gmt":"2024-11-03T10:48:06","slug":"jiri-dostal","status":"publish","type":"post","link":"https:\/\/home.pf.jcu.cz\/~stem\/2024\/jiri-dostal\/","title":{"rendered":"Ji\u0159\u00ed Dost\u00e1l"},"content":{"rendered":"\n<p><strong>Univerzita Palack\u00e9ho v Olomouci, Pedagogick\u00e1 fakulta<\/strong><\/p>\n\n\n\n<figure class=\"wp-block-image size-full\"><img loading=\"lazy\" decoding=\"async\" width=\"512\" height=\"512\" src=\"https:\/\/home.pf.jcu.cz\/~stem\/2024\/wp-content\/uploads\/2024\/10\/Jiri-Dostal.jpg\" alt=\"\" class=\"wp-image-954\" srcset=\"https:\/\/home.pf.jcu.cz\/~stem\/2024\/wp-content\/uploads\/2024\/10\/Jiri-Dostal.jpg 512w, https:\/\/home.pf.jcu.cz\/~stem\/2024\/wp-content\/uploads\/2024\/10\/Jiri-Dostal-300x300.jpg 300w, https:\/\/home.pf.jcu.cz\/~stem\/2024\/wp-content\/uploads\/2024\/10\/Jiri-Dostal-150x150.jpg 150w\" sizes=\"auto, (max-width: 512px) 100vw, 512px\" \/><\/figure>\n\n\n\n<p><strong>doc. PhDr. PaedDr. Ji\u0159\u00ed Dost\u00e1l, Ph.D.<\/strong> p\u016fsob\u00ed na Pedagogick\u00e9 fakult\u011b Univerzity Palack\u00e9ho v\u00a0Olomouci, kde se dlouhodob\u011b v\u011bnuje problematice STEM, jak v\u00a0rovin\u011b vzd\u011bl\u00e1vac\u00ed, tak i v\u011bdeck\u00e9. <\/p>\n\n\n\n<p>Akcent v\u00a0jeho pr\u00e1ci je kladen p\u0159edev\u0161\u00edm na polytechnickou slo\u017eku STEM. Je autorem \u0159ady publikac\u00ed, kter\u00e9 rozv\u00edjej\u00ed koncept badatelsky orientovan\u00e9 v\u00fduky. Vedle polytechnicky zam\u011b\u0159en\u00fdch p\u0159edm\u011bt\u016f na Univerzit\u011b Palack\u00e9ho p\u0159edn\u00e1\u0161\u00ed v\u010dela\u0159stv\u00ed, v\u010d. jeho didaktiky. <\/p>\n\n\n\n<p>Aktivn\u011b spolupracuje s\u00a0N\u00e1rodn\u00edm pedagogick\u00fdm institutem, kde je aktu\u00e1ln\u011b \u010dlenem pracovn\u00ed skupiny p\u0159ipravuj\u00edc\u00ed modul STEM v\u00a0r\u00e1mci nov\u011b vytv\u00e1\u0159en\u00e9ho kurikula pro obecn\u00e9 Lyceum. Ve spolupr\u00e1ci s\u00a0M\u0160MT vede t\u00fdm, kter\u00fd vytv\u00e1\u0159\u00ed oborov\u011b specifick\u00fd kompeten\u010dn\u00ed r\u00e1mec absolventa a absolventky u\u010ditelstv\u00ed se zam\u011b\u0159en\u00edm na polytechniku. <\/p>\n\n\n\n<p>V\u00a0r\u00e1mci relaxace pom\u011brn\u011b \u010dasto realizuje v\u00a0mate\u0159sk\u00fdch \u0161kol\u00e1ch vzd\u011bl\u00e1vac\u00ed aktivity orientovan\u00e9 na polytechniku a v\u010dela\u0159stv\u00ed. \u00a0\u00a0<\/p>\n","protected":false},"excerpt":{"rendered":"<p>Univerzita Palack\u00e9ho v Olomouci, Pedagogick\u00e1 fakulta doc. PhDr. PaedDr. Ji\u0159\u00ed Dost\u00e1l, Ph.D. p\u016fsob\u00ed na Pedagogick\u00e9 fakult\u011b Univerzity Palack\u00e9ho v\u00a0Olomouci, kde se dlouhodob\u011b v\u011bnuje problematice STEM, jak v\u00a0rovin\u011b vzd\u011bl\u00e1vac\u00ed, tak i v\u011bdeck\u00e9. Akcent v\u00a0jeho pr\u00e1ci je kladen p\u0159edev\u0161\u00edm na polytechnickou slo\u017eku STEM. Je autorem \u0159ady publikac\u00ed, kter\u00e9 rozv\u00edjej\u00ed koncept badatelsky orientovan\u00e9 v\u00fduky. Vedle polytechnicky zam\u011b\u0159en\u00fdch p\u0159edm\u011bt\u016f [&hellip;]<\/p>\n","protected":false},"author":2,"featured_media":0,"comment_status":"closed","ping_status":"closed","sticky":false,"template":"","format":"standard","meta":{"footnotes":""},"categories":[1],"tags":[],"class_list":["post-953","post","type-post","status-publish","format-standard","hentry","category-nezarazene"],"_links":{"self":[{"href":"https:\/\/home.pf.jcu.cz\/~stem\/2024\/wp-json\/wp\/v2\/posts\/953","targetHints":{"allow":["GET"]}}],"collection":[{"href":"https:\/\/home.pf.jcu.cz\/~stem\/2024\/wp-json\/wp\/v2\/posts"}],"about":[{"href":"https:\/\/home.pf.jcu.cz\/~stem\/2024\/wp-json\/wp\/v2\/types\/post"}],"author":[{"embeddable":true,"href":"https:\/\/home.pf.jcu.cz\/~stem\/2024\/wp-json\/wp\/v2\/users\/2"}],"replies":[{"embeddable":true,"href":"https:\/\/home.pf.jcu.cz\/~stem\/2024\/wp-json\/wp\/v2\/comments?post=953"}],"version-history":[{"count":3,"href":"https:\/\/home.pf.jcu.cz\/~stem\/2024\/wp-json\/wp\/v2\/posts\/953\/revisions"}],"predecessor-version":[{"id":1011,"href":"https:\/\/home.pf.jcu.cz\/~stem\/2024\/wp-json\/wp\/v2\/posts\/953\/revisions\/1011"}],"wp:attachment":[{"href":"https:\/\/home.pf.jcu.cz\/~stem\/2024\/wp-json\/wp\/v2\/media?parent=953"}],"wp:term":[{"taxonomy":"category","embeddable":true,"href":"https:\/\/home.pf.jcu.cz\/~stem\/2024\/wp-json\/wp\/v2\/categories?post=953"},{"taxonomy":"post_tag","embeddable":true,"href":"https:\/\/home.pf.jcu.cz\/~stem\/2024\/wp-json\/wp\/v2\/tags?post=953"}],"curies":[{"name":"wp","href":"https:\/\/api.w.org\/{rel}","templated":true}]}}